{"id":48,"date":"2019-07-19T23:33:32","date_gmt":"2019-07-19T23:33:32","guid":{"rendered":"http:\/\/archiviopen.com\/dalmine\/?p=48"},"modified":"2019-08-03T13:48:42","modified_gmt":"2019-08-03T13:48:42","slug":"presentazione-libri-su-dalmine-1909-2009","status":"publish","type":"post","link":"https:\/\/archiviopen.com\/dalmine\/2019\/07\/19\/presentazione-libri-su-dalmine-1909-2009\/","title":{"rendered":"Presentazione libri su Dalmine 1909-2009"},"content":{"rendered":"\n<p> \t\t<strong>Sabato 13 marzo 2010, ore 10,00, presso la Sala  della Comunit\u00e0 in viale Betelli 1, a Dalmine<\/strong><\/p>\n\n\n\n<p>Presentazione dei volumi:<\/p>\n\n\n\n<h4 class=\"wp-block-heading\">Dalmine: l\u2019azienda, i lavoratori, il territorio. La pastorale di fronte alle nuove realt\u00e0 del lavoro. Rapporto di ricerca.<\/h4>\n\n\n\n<p><em>A cura di Dario Nicoli <\/em><\/p>\n\n\n\n<p>Il volume propone i risultati di una ricerca volta a cogliere gli \nelementi pi\u00f9 significativi dell\u2019attuale situazione socio economica e \nculturale del territorio di Dalmine, con particolare attenzione ai \ncambiamenti che concernono il mondo del lavoro.<br>\nNella stagione iniziale (1907-1060) si coglie innanzitutto l\u2019iniziativa \ndell\u2019azienda mentre in un secondo tempo emerge il ruolo degli enti \nlocali nel disegnare un esempio riuscito di company town \n(citt\u00e0-impresa); nella stagione intermedia (fino alla met\u00e0 degli anni \n\u201890) \u00e8 comparsa in forma rilevante la dinamica sindacale, mentre nella \nstagione attuale (dalla seconda met\u00e0 degli anni \u201990 ad oggi) si assiste \nad una frammentazione del mercato del lavoro che porta con s\u00e9 una \nproblematica di coesione sociale e di formazione del\u2019identit\u00e0 delle \npersone.<br>\nIl pericolo dell\u2019individualismo e dell\u2019implosione sociale si supera \ntramite un\u2019opera educativa e culturale centrata sull\u2019etica del lavoro e&nbsp;\n l\u2019etica della comunit\u00e0. \u00c8 in questo quadro che la Chiesa pu\u00f2 svolgere \nla sua indispensabile opera pastorale.<\/p>\n\n\n\n<figure class=\"wp-block-image\"><img loading=\"lazy\" decoding=\"async\" width=\"416\" height=\"548\" src=\"https:\/\/archiviopen.com\/dalmine\/wp-content\/uploads\/2019\/07\/copertina_nicoli.jpg\" alt=\"\" class=\"wp-image-94\" srcset=\"https:\/\/archiviopen.com\/dalmine\/wp-content\/uploads\/2019\/07\/copertina_nicoli.jpg 416w, https:\/\/archiviopen.com\/dalmine\/wp-content\/uploads\/2019\/07\/copertina_nicoli-228x300.jpg 228w\" sizes=\"auto, (max-width: 416px) 100vw, 416px\" \/><\/figure>\n\n\n\n<hr class=\"wp-block-separator\"\/>\n\n\n\n<h4 class=\"wp-block-heading\"> Le campane e la sirena. Le comunit\u00e0 parrocchiali di Dalmine nelle trasformazioni del lavoro e del territorio: 1909-2009<\/h4>\n\n\n\n<p><em>A cura di Claudio Pesenti, Valerio Cortese, Enzo Suardi<\/em><\/p>\n\n\n\n<p>La sirena (\u201col c\u00f3ren\u201d) dello stabilimento, che per decenni risuonava \ntre volte prima dell\u2019inizio di ogni turno di lavoro, ha smesso di \nsuonare dal gennaio 1990.<br>\nLe campane delle chiese suonavano gi\u00e0 prima dell\u2019avvio della fabbrica (1909) e continuano a farlo ancora oggi.<br>\nEppure le ricostruzioni storiche su Dalmine hanno posto l\u2019attenzione \nsulla centralit\u00e0 dell\u2019azienda, considerata, al pi\u00f9, come luogo \nprivilegiato della classe operaia. In primo piano sono stati posti gli \nedifici promossi dall\u2019impresa nel progetto di \u201ccitt\u00e0 aziendale\u201d, \nrelegando la zona comunale restante nell\u2019anonimato.<br>\nQueste descrizioni, che guardano solo alla fabbrica e agli ultimi cento \nanni, non aiutano a cogliere la complessit\u00e0 (7 quartieri) di questa \ncitt\u00e0.<br>\nIl libro assume come punto di vista quello del territorio e si pone i seguenti obiettivi:<br>\nfar emergere la pluralit\u00e0 delle storie sottese al comune \nartificiosamente creato nel 1927; delineare un breve profilo di persone o\n vicende che hanno aiutato il territorio a riconquistare una propria \nautonomia; evidenziare il contributo della \u201cChiesa che \u00e8 in Dalmine\u201d nel\n cammino che la citt\u00e0 sta compiendo per darsi una nuova identit\u00e0.<\/p>\n\n\n\n<figure class=\"wp-block-image\"><img loading=\"lazy\" decoding=\"async\" width=\"404\" height=\"417\" src=\"https:\/\/archiviopen.com\/dalmine\/wp-content\/uploads\/2019\/07\/copertina_campane.jpg\" alt=\"\" class=\"wp-image-96\" srcset=\"https:\/\/archiviopen.com\/dalmine\/wp-content\/uploads\/2019\/07\/copertina_campane.jpg 404w, https:\/\/archiviopen.com\/dalmine\/wp-content\/uploads\/2019\/07\/copertina_campane-291x300.jpg 291w\" sizes=\"auto, (max-width: 404px) 100vw, 404px\" \/><\/figure>\n","protected":false},"excerpt":{"rendered":"<p>Sabato 13 marzo 2010, ore 10,00, presso la Sala della Comunit\u00e0 in viale Betelli 1,<\/p>\n","protected":false},"author":1,"featured_media":98,"comment_status":"closed","ping_status":"open","sticky":false,"template":"","format":"standard","meta":{"pagelayer_contact_templates":[],"_pagelayer_content":"","footnotes":""},"categories":[3],"tags":[],"class_list":["post-48","post","type-post","status-publish","format-standard","has-post-thumbnail","hentry","category-biblioteca"],"_links":{"self":[{"href":"https:\/\/archiviopen.com\/dalmine\/wp-json\/wp\/v2\/posts\/48","targetHints":{"allow":["GET"]}}],"collection":[{"href":"https:\/\/archiviopen.com\/dalmine\/wp-json\/wp\/v2\/posts"}],"about":[{"href":"https:\/\/archiviopen.com\/dalmine\/wp-json\/wp\/v2\/types\/post"}],"author":[{"embeddable":true,"href":"https:\/\/archiviopen.com\/dalmine\/wp-json\/wp\/v2\/users\/1"}],"replies":[{"embeddable":true,"href":"https:\/\/archiviopen.com\/dalmine\/wp-json\/wp\/v2\/comments?post=48"}],"version-history":[{"count":3,"href":"https:\/\/archiviopen.com\/dalmine\/wp-json\/wp\/v2\/posts\/48\/revisions"}],"predecessor-version":[{"id":97,"href":"https:\/\/archiviopen.com\/dalmine\/wp-json\/wp\/v2\/posts\/48\/revisions\/97"}],"wp:featuredmedia":[{"embeddable":true,"href":"https:\/\/archiviopen.com\/dalmine\/wp-json\/wp\/v2\/media\/98"}],"wp:attachment":[{"href":"https:\/\/archiviopen.com\/dalmine\/wp-json\/wp\/v2\/media?parent=48"}],"wp:term":[{"taxonomy":"category","embeddable":true,"href":"https:\/\/archiviopen.com\/dalmine\/wp-json\/wp\/v2\/categories?post=48"},{"taxonomy":"post_tag","embeddable":true,"href":"https:\/\/archiviopen.com\/dalmine\/wp-json\/wp\/v2\/tags?post=48"}],"curies":[{"name":"wp","href":"https:\/\/api.w.org\/{rel}","templated":true}]}}